{"id":1903,"date":"2026-02-13T09:01:47","date_gmt":"2026-02-13T07:01:47","guid":{"rendered":"https:\/\/ibchelsinki.fi\/?p=1903"},"modified":"2026-02-13T09:07:14","modified_gmt":"2026-02-13T07:07:14","slug":"tavlande-till-helsingfors-internationella-balettavling-2026-har-valts-ut","status":"publish","type":"post","link":"https:\/\/ibchelsinki.fi\/sv\/2026\/02\/tavlande-till-helsingfors-internationella-balettavling-2026-har-valts-ut\/","title":{"rendered":"T\u00e4vlande till Helsingfors internationella balett\u00e4vling har valts ut"},"content":{"rendered":"    <section class=\"hibc-column plain\">\n      <div class=\"inner\">\n        <div class=\"text\">\n          <p><b>81 dansare fr\u00e5n 15 l\u00e4nder<\/b><span style=\"font-weight: 400;\"> har valts ut att delta i den 10:e Helsingfors internationella balett\u00e4vlingen, som \u00e4ger rum p\u00e5 Finlands nationalopera <\/span><b>den 27 maj\u20135 juni 2026<\/b><span style=\"font-weight: 400;\">.<\/span><\/p>\n<p><span style=\"font-weight: 400;\">T\u00e4vlingen fick 230 ans\u00f6kningar fr\u00e5n 36 olika l\u00e4nder, och urvalsjuryn hade den utmanande uppgiften att v\u00e4lja deltagarna bland m\u00e5nga beg\u00e5vade s\u00f6kande.<\/span><\/p>\n<blockquote><p><span style=\"font-weight: 400;\">\u201c<\/span><i><span style=\"font-weight: 400;\">T\u00e4vlingen har v\u00e4ckt intresse runt om i v\u00e4rlden, och vi \u00e4r glada \u00f6ver det rekordstora antalet s\u00f6kande och den geografiska bredden. Det \u00e4r en viktig m\u00f6jlighet f\u00f6r unga dansare att utvecklas och bygga professionella n\u00e4tverk. Det finns ocks\u00e5 mycket f\u00f6r publiken att uppleva under veckan, b\u00e5de p\u00e5 scenen och genom kringarrangemang<\/span><\/i><span style=\"font-weight: 400;\">\u201d, s\u00e4ger <\/span><b>Hannele Niiranen-Mattsson<\/b><span style=\"font-weight: 400;\">, ordf\u00f6rande f\u00f6r Helsingfors internationella balett\u00e4vling rf.<\/span><\/p><\/blockquote>\n<p><a href=\"https:\/\/ibchelsinki.fi\/sv\/tavlingen\/konkurrenter\/\"><span style=\"font-weight: 400;\">Se listan \u00f6ver de utvalda dansarna p\u00e5 sidan T\u00e4vlande &gt;&gt;<\/span><\/a><\/p>\n\n        <\/div>\n              <\/div>\n    <\/section>\n","protected":false},"excerpt":{"rendered":"","protected":false},"author":5,"featured_media":0,"comment_status":"closed","ping_status":"closed","sticky":false,"template":"","format":"standard","meta":{"_acf_changed":false,"footnotes":""},"categories":[20],"tags":[],"class_list":["post-1903","post","type-post","status-publish","format-standard","hentry","category-okategoriserad"],"acf":[],"yoast_head":"<!-- This site is optimized with the Yoast SEO plugin v27.5 - https:\/\/yoast.com\/product\/yoast-seo-wordpress\/ -->\n<title>T\u00e4vlande till Helsingfors internationella balett\u00e4vling har valts ut - The Helsinki International Ballet Competition<\/title>\n<meta name=\"robots\" content=\"index, follow, max-snippet:-1, max-image-preview:large, max-video-preview:-1\" \/>\n<link rel=\"canonical\" href=\"https:\/\/ibchelsinki.fi\/sv\/2026\/02\/tavlande-till-helsingfors-internationella-balettavling-2026-har-valts-ut\/\" \/>\n<meta property=\"og:locale\" content=\"sv_SE\" \/>\n<meta property=\"og:type\" content=\"article\" \/>\n<meta property=\"og:title\" content=\"T\u00e4vlande till Helsingfors internationella balett\u00e4vling har valts ut - The Helsinki International Ballet Competition\" \/>\n<meta property=\"og:url\" content=\"https:\/\/ibchelsinki.fi\/sv\/2026\/02\/tavlande-till-helsingfors-internationella-balettavling-2026-har-valts-ut\/\" \/>\n<meta property=\"og:site_name\" content=\"The Helsinki International Ballet Competition\" \/>\n<meta property=\"article:publisher\" content=\"https:\/\/www.facebook.com\/ibchelsinki\/\" \/>\n<meta property=\"article:published_time\" content=\"2026-02-13T07:01:47+00:00\" \/>\n<meta property=\"article:modified_time\" content=\"2026-02-13T07:07:14+00:00\" \/>\n<meta property=\"og:image\" content=\"https:\/\/ibchelsinki.fi\/wp-content\/uploads\/2025\/03\/etusivu_desktop.jpg\" \/>\n\t<meta property=\"og:image:width\" content=\"2500\" \/>\n\t<meta property=\"og:image:height\" content=\"1406\" \/>\n\t<meta property=\"og:image:type\" content=\"image\/jpeg\" \/>\n<meta name=\"author\" content=\"Ida Salonen\" \/>\n<meta name=\"twitter:card\" content=\"summary_large_image\" \/>\n<meta name=\"twitter:creator\" content=\"@Ibchelsinki\" \/>\n<meta name=\"twitter:site\" content=\"@Ibchelsinki\" \/>\n<meta name=\"twitter:label1\" content=\"Skriven av\" \/>\n\t<meta name=\"twitter:data1\" content=\"Ida Salonen\" \/>\n\t<meta name=\"twitter:label2\" content=\"Ber\u00e4knad l\u00e4stid\" \/>\n\t<meta name=\"twitter:data2\" content=\"1 minut\" \/>\n<script type=\"application\/ld+json\" class=\"yoast-schema-graph\">{\"@context\":\"https:\\\/\\\/schema.org\",\"@graph\":[{\"@type\":\"Article\",\"@id\":\"https:\\\/\\\/ibchelsinki.fi\\\/sv\\\/2026\\\/02\\\/tavlande-till-helsingfors-internationella-balettavling-2026-har-valts-ut\\\/#article\",\"isPartOf\":{\"@id\":\"https:\\\/\\\/ibchelsinki.fi\\\/sv\\\/2026\\\/02\\\/tavlande-till-helsingfors-internationella-balettavling-2026-har-valts-ut\\\/\"},\"author\":{\"name\":\"Ida Salonen\",\"@id\":\"https:\\\/\\\/ibchelsinki.fi\\\/sv\\\/#\\\/schema\\\/person\\\/e735242e0efe0e7bd150a961b2e4604a\"},\"headline\":\"T\u00e4vlande till Helsingfors internationella balett\u00e4vling har valts ut\",\"datePublished\":\"2026-02-13T07:01:47+00:00\",\"dateModified\":\"2026-02-13T07:07:14+00:00\",\"mainEntityOfPage\":{\"@id\":\"https:\\\/\\\/ibchelsinki.fi\\\/sv\\\/2026\\\/02\\\/tavlande-till-helsingfors-internationella-balettavling-2026-har-valts-ut\\\/\"},\"wordCount\":10,\"publisher\":{\"@id\":\"https:\\\/\\\/ibchelsinki.fi\\\/sv\\\/#organization\"},\"articleSection\":[\"Okategoriserad\"],\"inLanguage\":\"sv-SE\"},{\"@type\":\"WebPage\",\"@id\":\"https:\\\/\\\/ibchelsinki.fi\\\/sv\\\/2026\\\/02\\\/tavlande-till-helsingfors-internationella-balettavling-2026-har-valts-ut\\\/\",\"url\":\"https:\\\/\\\/ibchelsinki.fi\\\/sv\\\/2026\\\/02\\\/tavlande-till-helsingfors-internationella-balettavling-2026-har-valts-ut\\\/\",\"name\":\"T\u00e4vlande till Helsingfors internationella balett\u00e4vling har valts ut - The Helsinki International Ballet Competition\",\"isPartOf\":{\"@id\":\"https:\\\/\\\/ibchelsinki.fi\\\/sv\\\/#website\"},\"datePublished\":\"2026-02-13T07:01:47+00:00\",\"dateModified\":\"2026-02-13T07:07:14+00:00\",\"breadcrumb\":{\"@id\":\"https:\\\/\\\/ibchelsinki.fi\\\/sv\\\/2026\\\/02\\\/tavlande-till-helsingfors-internationella-balettavling-2026-har-valts-ut\\\/#breadcrumb\"},\"inLanguage\":\"sv-SE\",\"potentialAction\":[{\"@type\":\"ReadAction\",\"target\":[\"https:\\\/\\\/ibchelsinki.fi\\\/sv\\\/2026\\\/02\\\/tavlande-till-helsingfors-internationella-balettavling-2026-har-valts-ut\\\/\"]}]},{\"@type\":\"BreadcrumbList\",\"@id\":\"https:\\\/\\\/ibchelsinki.fi\\\/sv\\\/2026\\\/02\\\/tavlande-till-helsingfors-internationella-balettavling-2026-har-valts-ut\\\/#breadcrumb\",\"itemListElement\":[{\"@type\":\"ListItem\",\"position\":1,\"name\":\"Home\",\"item\":\"https:\\\/\\\/ibchelsinki.fi\\\/sv\\\/\"},{\"@type\":\"ListItem\",\"position\":2,\"name\":\"T\u00e4vlande till Helsingfors internationella balett\u00e4vling har valts ut\"}]},{\"@type\":\"WebSite\",\"@id\":\"https:\\\/\\\/ibchelsinki.fi\\\/sv\\\/#website\",\"url\":\"https:\\\/\\\/ibchelsinki.fi\\\/sv\\\/\",\"name\":\"HIBC 2026\",\"description\":\"HIBC\",\"publisher\":{\"@id\":\"https:\\\/\\\/ibchelsinki.fi\\\/sv\\\/#organization\"},\"potentialAction\":[{\"@type\":\"SearchAction\",\"target\":{\"@type\":\"EntryPoint\",\"urlTemplate\":\"https:\\\/\\\/ibchelsinki.fi\\\/sv\\\/?s={search_term_string}\"},\"query-input\":{\"@type\":\"PropertyValueSpecification\",\"valueRequired\":true,\"valueName\":\"search_term_string\"}}],\"inLanguage\":\"sv-SE\"},{\"@type\":\"Organization\",\"@id\":\"https:\\\/\\\/ibchelsinki.fi\\\/sv\\\/#organization\",\"name\":\"Helsinki International Ballet Competition\",\"alternateName\":\"HIBC\",\"url\":\"https:\\\/\\\/ibchelsinki.fi\\\/sv\\\/\",\"logo\":{\"@type\":\"ImageObject\",\"inLanguage\":\"sv-SE\",\"@id\":\"https:\\\/\\\/ibchelsinki.fi\\\/sv\\\/#\\\/schema\\\/logo\\\/image\\\/\",\"url\":\"https:\\\/\\\/var\\\/www\\\/fs4\\\/52\\\/ibchelsi\\\/web\\\/wp-content\\\/uploads\\\/2025\\\/03\\\/hibcstamp.svg\",\"contentUrl\":\"https:\\\/\\\/var\\\/www\\\/fs4\\\/52\\\/ibchelsi\\\/web\\\/wp-content\\\/uploads\\\/2025\\\/03\\\/hibcstamp.svg\",\"width\":1,\"height\":1,\"caption\":\"Helsinki International Ballet Competition\"},\"image\":{\"@id\":\"https:\\\/\\\/ibchelsinki.fi\\\/sv\\\/#\\\/schema\\\/logo\\\/image\\\/\"},\"sameAs\":[\"https:\\\/\\\/www.facebook.com\\\/ibchelsinki\\\/\",\"https:\\\/\\\/x.com\\\/Ibchelsinki\",\"https:\\\/\\\/www.instagram.com\\\/ibchelsinki\\\/\",\"https:\\\/\\\/www.youtube.com\\\/channel\\\/UC38s8Qo-Ty8t7C1Kf9wsGQw\"]},{\"@type\":\"Person\",\"@id\":\"https:\\\/\\\/ibchelsinki.fi\\\/sv\\\/#\\\/schema\\\/person\\\/e735242e0efe0e7bd150a961b2e4604a\",\"name\":\"Ida Salonen\",\"url\":\"https:\\\/\\\/ibchelsinki.fi\\\/sv\\\/author\\\/is\\\/\"}]}<\/script>\n<!-- \/ Yoast SEO plugin. -->","yoast_head_json":{"title":"T\u00e4vlande till Helsingfors internationella balett\u00e4vling har valts ut - The Helsinki International Ballet Competition","robots":{"index":"index","follow":"follow","max-snippet":"max-snippet:-1","max-image-preview":"max-image-preview:large","max-video-preview":"max-video-preview:-1"},"canonical":"https:\/\/ibchelsinki.fi\/sv\/2026\/02\/tavlande-till-helsingfors-internationella-balettavling-2026-har-valts-ut\/","og_locale":"sv_SE","og_type":"article","og_title":"T\u00e4vlande till Helsingfors internationella balett\u00e4vling har valts ut - The Helsinki International Ballet Competition","og_url":"https:\/\/ibchelsinki.fi\/sv\/2026\/02\/tavlande-till-helsingfors-internationella-balettavling-2026-har-valts-ut\/","og_site_name":"The Helsinki International Ballet Competition","article_publisher":"https:\/\/www.facebook.com\/ibchelsinki\/","article_published_time":"2026-02-13T07:01:47+00:00","article_modified_time":"2026-02-13T07:07:14+00:00","og_image":[{"width":2500,"height":1406,"url":"https:\/\/ibchelsinki.fi\/wp-content\/uploads\/2025\/03\/etusivu_desktop.jpg","type":"image\/jpeg"}],"author":"Ida Salonen","twitter_card":"summary_large_image","twitter_creator":"@Ibchelsinki","twitter_site":"@Ibchelsinki","twitter_misc":{"Skriven av":"Ida Salonen","Ber\u00e4knad l\u00e4stid":"1 minut"},"schema":{"@context":"https:\/\/schema.org","@graph":[{"@type":"Article","@id":"https:\/\/ibchelsinki.fi\/sv\/2026\/02\/tavlande-till-helsingfors-internationella-balettavling-2026-har-valts-ut\/#article","isPartOf":{"@id":"https:\/\/ibchelsinki.fi\/sv\/2026\/02\/tavlande-till-helsingfors-internationella-balettavling-2026-har-valts-ut\/"},"author":{"name":"Ida Salonen","@id":"https:\/\/ibchelsinki.fi\/sv\/#\/schema\/person\/e735242e0efe0e7bd150a961b2e4604a"},"headline":"T\u00e4vlande till Helsingfors internationella balett\u00e4vling har valts ut","datePublished":"2026-02-13T07:01:47+00:00","dateModified":"2026-02-13T07:07:14+00:00","mainEntityOfPage":{"@id":"https:\/\/ibchelsinki.fi\/sv\/2026\/02\/tavlande-till-helsingfors-internationella-balettavling-2026-har-valts-ut\/"},"wordCount":10,"publisher":{"@id":"https:\/\/ibchelsinki.fi\/sv\/#organization"},"articleSection":["Okategoriserad"],"inLanguage":"sv-SE"},{"@type":"WebPage","@id":"https:\/\/ibchelsinki.fi\/sv\/2026\/02\/tavlande-till-helsingfors-internationella-balettavling-2026-har-valts-ut\/","url":"https:\/\/ibchelsinki.fi\/sv\/2026\/02\/tavlande-till-helsingfors-internationella-balettavling-2026-har-valts-ut\/","name":"T\u00e4vlande till Helsingfors internationella balett\u00e4vling har valts ut - The Helsinki International Ballet Competition","isPartOf":{"@id":"https:\/\/ibchelsinki.fi\/sv\/#website"},"datePublished":"2026-02-13T07:01:47+00:00","dateModified":"2026-02-13T07:07:14+00:00","breadcrumb":{"@id":"https:\/\/ibchelsinki.fi\/sv\/2026\/02\/tavlande-till-helsingfors-internationella-balettavling-2026-har-valts-ut\/#breadcrumb"},"inLanguage":"sv-SE","potentialAction":[{"@type":"ReadAction","target":["https:\/\/ibchelsinki.fi\/sv\/2026\/02\/tavlande-till-helsingfors-internationella-balettavling-2026-har-valts-ut\/"]}]},{"@type":"BreadcrumbList","@id":"https:\/\/ibchelsinki.fi\/sv\/2026\/02\/tavlande-till-helsingfors-internationella-balettavling-2026-har-valts-ut\/#breadcrumb","itemListElement":[{"@type":"ListItem","position":1,"name":"Home","item":"https:\/\/ibchelsinki.fi\/sv\/"},{"@type":"ListItem","position":2,"name":"T\u00e4vlande till Helsingfors internationella balett\u00e4vling har valts ut"}]},{"@type":"WebSite","@id":"https:\/\/ibchelsinki.fi\/sv\/#website","url":"https:\/\/ibchelsinki.fi\/sv\/","name":"HIBC 2026","description":"HIBC","publisher":{"@id":"https:\/\/ibchelsinki.fi\/sv\/#organization"},"potentialAction":[{"@type":"SearchAction","target":{"@type":"EntryPoint","urlTemplate":"https:\/\/ibchelsinki.fi\/sv\/?s={search_term_string}"},"query-input":{"@type":"PropertyValueSpecification","valueRequired":true,"valueName":"search_term_string"}}],"inLanguage":"sv-SE"},{"@type":"Organization","@id":"https:\/\/ibchelsinki.fi\/sv\/#organization","name":"Helsinki International Ballet Competition","alternateName":"HIBC","url":"https:\/\/ibchelsinki.fi\/sv\/","logo":{"@type":"ImageObject","inLanguage":"sv-SE","@id":"https:\/\/ibchelsinki.fi\/sv\/#\/schema\/logo\/image\/","url":"https:\/\/var\/www\/fs4\/52\/ibchelsi\/web\/wp-content\/uploads\/2025\/03\/hibcstamp.svg","contentUrl":"https:\/\/var\/www\/fs4\/52\/ibchelsi\/web\/wp-content\/uploads\/2025\/03\/hibcstamp.svg","width":1,"height":1,"caption":"Helsinki International Ballet Competition"},"image":{"@id":"https:\/\/ibchelsinki.fi\/sv\/#\/schema\/logo\/image\/"},"sameAs":["https:\/\/www.facebook.com\/ibchelsinki\/","https:\/\/x.com\/Ibchelsinki","https:\/\/www.instagram.com\/ibchelsinki\/","https:\/\/www.youtube.com\/channel\/UC38s8Qo-Ty8t7C1Kf9wsGQw"]},{"@type":"Person","@id":"https:\/\/ibchelsinki.fi\/sv\/#\/schema\/person\/e735242e0efe0e7bd150a961b2e4604a","name":"Ida Salonen","url":"https:\/\/ibchelsinki.fi\/sv\/author\/is\/"}]}},"_links":{"self":[{"href":"https:\/\/ibchelsinki.fi\/sv\/wp-json\/wp\/v2\/posts\/1903","targetHints":{"allow":["GET"]}}],"collection":[{"href":"https:\/\/ibchelsinki.fi\/sv\/wp-json\/wp\/v2\/posts"}],"about":[{"href":"https:\/\/ibchelsinki.fi\/sv\/wp-json\/wp\/v2\/types\/post"}],"author":[{"embeddable":true,"href":"https:\/\/ibchelsinki.fi\/sv\/wp-json\/wp\/v2\/users\/5"}],"replies":[{"embeddable":true,"href":"https:\/\/ibchelsinki.fi\/sv\/wp-json\/wp\/v2\/comments?post=1903"}],"version-history":[{"count":2,"href":"https:\/\/ibchelsinki.fi\/sv\/wp-json\/wp\/v2\/posts\/1903\/revisions"}],"predecessor-version":[{"id":1906,"href":"https:\/\/ibchelsinki.fi\/sv\/wp-json\/wp\/v2\/posts\/1903\/revisions\/1906"}],"wp:attachment":[{"href":"https:\/\/ibchelsinki.fi\/sv\/wp-json\/wp\/v2\/media?parent=1903"}],"wp:term":[{"taxonomy":"category","embeddable":true,"href":"https:\/\/ibchelsinki.fi\/sv\/wp-json\/wp\/v2\/categories?post=1903"},{"taxonomy":"post_tag","embeddable":true,"href":"https:\/\/ibchelsinki.fi\/sv\/wp-json\/wp\/v2\/tags?post=1903"}],"curies":[{"name":"wp","href":"https:\/\/api.w.org\/{rel}","templated":true}]}}